{"id":10715,"date":"2023-05-05T09:55:54","date_gmt":"2023-05-05T08:55:54","guid":{"rendered":"https:\/\/meeplendice.net\/?p=10715"},"modified":"2023-05-05T09:55:54","modified_gmt":"2023-05-05T08:55:54","slug":"demandez-le-programme-de-mai-5","status":"publish","type":"post","link":"https:\/\/meeplendice.net\/?p=10715","title":{"rendered":"Demandez le programme&#8230; de mai !"},"content":{"rendered":"<p>Et nous voil\u00e0 en mai. Mai et tous ses jours f\u00e9ri\u00e9s. Et quoi de mieux que des jours f\u00e9ri\u00e9s pour s&rsquo;amuser \ud83d\ude09<\/p>\n<p>Au programme chez <em>des Meeples &amp; des D\u00e9s<\/em> une convention, un univers et de la figurine. Rien que \u00e7a.<\/p>\n<p>Tout d&rsquo;abord nous seront, comme l&rsquo;ann\u00e9e pr\u00e9c\u00e9dente, \u00e0 la <a href=\"https:\/\/www.ville-assevent.fr\/evenements\/convention-manga-et-pop-culture-2023\" target=\"_blank\" rel=\"noopener\">Convention Manga et Pop Culture 2023 \u00e0 Assevent<\/a> les 13 et 14 Mai. Nous y serons aux c\u00f4t\u00e9s de <a href=\"https:\/\/www.facebook.com\/ludithorynque\/\" target=\"_blank\" rel=\"noopener\">Ludithorynque<\/a> (notre dealer local de jeux \ud83d\ude09 ) et y animerons des tables de jeu de plateau, de figurine etc&#8230; L&rsquo;occasion pour nous de se faire connaitre et d&rsquo;agrandir ainsi le cercle des joueurs. N&rsquo;h\u00e9sitez pas \u00e0 venir \ud83d\ude00<\/p>\n<p>Ensuite, nous partirons \u00e0 la d\u00e9couverte d&rsquo;un univers autour de plusieurs titres lui \u00e9tant d\u00e9di\u00e9s. Cette fois ci il sera question de Dune, chef d\u2019\u0153uvre de la litt\u00e9rature de science fiction de Frank Herbert. C&rsquo;est donc \u00e0 travers 2 titres, qui ont tous les 2 marqu\u00e9 leur temps, que nous vous proposons d&#8217;embarquer avec nous vers cette lointaine plan\u00e8te.<\/p>\n<p>Mais ce n&rsquo;est pas tout, puisque nous profiterons \u00e9galement des jours f\u00e9ri\u00e9s pour lancer quelques batailles dans les Royaumes Mortels.<\/p>\n<p>Alors prenez vos lunettes et votre r\u00e9cup\u00e9rateur d&rsquo;eau et en avant vers Arrakis&#8230; vers&#8230; Dune !<\/p>\n<ul>\n<li>Samedi 13\/05\/2023 &amp; Dimanche 14\/05\/2023 &#8211; Assevent : <a href=\"https:\/\/www.ville-assevent.fr\/evenements\/convention-manga-et-pop-culture-2023\" target=\"_blank\" rel=\"noopener\">Convention Manga et Pop Culture 2023<\/a><\/li>\n<li>Vendredi 19\/05\/2023 &#8211; 19 h 30 min &#8211; Chez K. : <a href=\"https:\/\/meeplendice.net\/?event=un-plateau-sur-la-table-dune-2\" target=\"_blank\" rel=\"noopener\">Un plateau sur la table : Dune<\/a><\/li>\n<li>Vendredi 26\/05\/2023 &#8211; 19 h 30 min &#8211; Chez K. : <a href=\"https:\/\/meeplendice.net\/?event=un-plateau-sur-la-table-dune-imperium-2\" target=\"_blank\" rel=\"noopener\">Des plateaux sur la table : Dune Imperium<\/a><\/li>\n<li>Dimanche 29\/05\/2023 &#8211; 14 h 00 min &#8211; Chez K. : <a href=\"https:\/\/meeplendice.net\/?event=des-figurines-sur-la-table-age-of-sigmar-1vs1-2-tables-2\" target=\"_blank\" rel=\"noopener\">Des figurines sur la table : Age of Sigmar \u2013 1vs1 (2 tables)<\/a><\/li>\n<\/ul>\n<p>&nbsp;<\/p>\n<p>Et bien \u00e9videment, n&rsquo;h\u00e9sitez pas \u00e0 nous suivre sur les r\u00e9seaux sociaux ou \u00e0 passer r\u00e9guli\u00e8rement ici, vu que des \u00e9v\u00e8nements se programment parfois \u00e0 la derni\u00e8re minute \ud83d\ude09<\/p>\n","protected":false},"excerpt":{"rendered":"<p>Et nous voil\u00e0 en mai. Mai et tous ses jours f\u00e9ri\u00e9s. Et quoi de mieux que des jours f\u00e9ri\u00e9s pour s&rsquo;amuser \ud83d\ude09 Au programme chez des Meeples &amp; des D\u00e9s une convention, un univers et de la figurine. Rien que \u00e7a. Tout d&rsquo;abord nous seront, comme l&rsquo;ann\u00e9e pr\u00e9c\u00e9dente, \u00e0 la Convention Manga et Pop Culture 2023 \u00e0 Assevent les 13 et 14 Mai. Nous y serons aux c\u00f4t\u00e9s de Ludithorynque (notre dealer local de jeux \ud83d\ude09 ) et y animerons des tables de jeu de plateau, de figurine etc&#8230; L&rsquo;occasion pour nous de se faire connaitre et d&rsquo;agrandir ainsi le cercle des joueurs. N&rsquo;h\u00e9sitez pas \u00e0 venir \ud83d\ude00 Ensuite, nous partirons \u00e0 la d\u00e9couverte d&rsquo;un univers autour de plusieurs titres lui \u00e9tant d\u00e9di\u00e9s. Cette fois ci il sera question de Dune, chef d\u2019\u0153uvre de la litt\u00e9rature de science fiction de Frank Herbert. C&rsquo;est donc \u00e0 travers 2 titres, qui ont tous les 2 marqu\u00e9 leur temps, que nous vous proposons d&#8217;embarquer avec nous vers cette lointaine plan\u00e8te. Mais ce n&rsquo;est pas tout, puisque nous profiterons \u00e9galement des jours f\u00e9ri\u00e9s pour lancer quelques batailles dans les Royaumes Mortels. Alors prenez vos lunettes et votre r\u00e9cup\u00e9rateur d&rsquo;eau et en avant vers Arrakis&#8230; vers&#8230; Dune ! Samedi 13\/05\/2023 &amp; Dimanche 14\/05\/2023 &#8211; Assevent : Convention Manga et Pop Culture 2023 Vendredi 19\/05\/2023 &#8211; 19 h 30 min &#8211; Chez K. : Un plateau sur la table : Dune Vendredi 26\/05\/2023 &#8211; 19 h 30 min &#8211; Chez K. : Des plateaux sur la table : Dune Imperium Dimanche 29\/05\/2023 &#8211; 14 h 00 min &#8211; Chez K. : Des figurines sur la table : Age of Sigmar \u2013 1vs1 (2 tables) &nbsp; Et bien \u00e9videment, n&rsquo;h\u00e9sitez pas \u00e0 nous suivre sur les r\u00e9seaux sociaux ou \u00e0 passer r\u00e9guli\u00e8rement ici, vu que des \u00e9v\u00e8nements se programment parfois \u00e0 la derni\u00e8re minute \ud83d\ude09<\/p>\n","protected":false},"author":2,"featured_media":10717,"comment_status":"open","ping_status":"open","sticky":false,"template":"","format":"standard","meta":{"footnotes":""},"categories":[44],"tags":[],"class_list":["post-10715","post","type-post","status-publish","format-standard","has-post-thumbnail","hentry","category-programmes"],"acf":[],"rttpg_featured_image_url":{"full":["https:\/\/meeplendice.net\/wp-content\/uploads\/2023\/05\/Mai_2023.png",250,200,false],"landscape":["https:\/\/meeplendice.net\/wp-content\/uploads\/2023\/05\/Mai_2023.png",250,200,false],"portraits":["https:\/\/meeplendice.net\/wp-content\/uploads\/2023\/05\/Mai_2023.png",250,200,false],"thumbnail":["https:\/\/meeplendice.net\/wp-content\/uploads\/2023\/05\/Mai_2023-150x150.png",150,150,true],"medium":["https:\/\/meeplendice.net\/wp-content\/uploads\/2023\/05\/Mai_2023.png",250,200,false],"large":["https:\/\/meeplendice.net\/wp-content\/uploads\/2023\/05\/Mai_2023.png",250,200,false],"ug_big":["https:\/\/meeplendice.net\/wp-content\/uploads\/2023\/05\/Mai_2023.png",250,200,false],"1536x1536":["https:\/\/meeplendice.net\/wp-content\/uploads\/2023\/05\/Mai_2023.png",250,200,false],"2048x2048":["https:\/\/meeplendice.net\/wp-content\/uploads\/2023\/05\/Mai_2023.png",250,200,false],"ashe-slider-grid-thumbnail":["https:\/\/meeplendice.net\/wp-content\/uploads\/2023\/05\/Mai_2023.png",250,200,false],"ashe-full-thumbnail":["https:\/\/meeplendice.net\/wp-content\/uploads\/2023\/05\/Mai_2023.png",250,200,false],"ashe-grid-thumbnail":["https:\/\/meeplendice.net\/wp-content\/uploads\/2023\/05\/Mai_2023.png",250,200,false],"ashe-list-thumbnail":["https:\/\/meeplendice.net\/wp-content\/uploads\/2023\/05\/Mai_2023.png",250,200,false],"ashe-single-navigation":["https:\/\/meeplendice.net\/wp-content\/uploads\/2023\/05\/Mai_2023-75x75.png",75,75,true],"mailpoet_newsletter_max":["https:\/\/meeplendice.net\/wp-content\/uploads\/2023\/05\/Mai_2023.png",250,200,false],"rpwe-thumbnail":["https:\/\/meeplendice.net\/wp-content\/uploads\/2023\/05\/Mai_2023-45x45.png",45,45,true],"sow-carousel-default":["https:\/\/meeplendice.net\/wp-content\/uploads\/2023\/05\/Mai_2023-250x182.png",250,182,true],"rt_custom":["https:\/\/meeplendice.net\/wp-content\/uploads\/2023\/05\/Mai_2023.png",250,200,false]},"rttpg_author":{"display_name":"Karnby","author_link":"https:\/\/meeplendice.net\/?author=2"},"rttpg_comment":0,"rttpg_category":"<a href=\"https:\/\/meeplendice.net\/?cat=44\" rel=\"category\">Programmes<\/a>","rttpg_excerpt":"Et nous voil\u00e0 en mai. Mai et tous ses jours f\u00e9ri\u00e9s. Et quoi de mieux que des jours f\u00e9ri\u00e9s pour s&rsquo;amuser \ud83d\ude09 Au programme chez des Meeples &amp; des D\u00e9s une convention, un univers et de la figurine. Rien que \u00e7a. Tout d&rsquo;abord nous seront, comme l&rsquo;ann\u00e9e pr\u00e9c\u00e9dente, \u00e0 la Convention Manga et Pop Culture\u2026","_links":{"self":[{"href":"https:\/\/meeplendice.net\/index.php?rest_route=\/wp\/v2\/posts\/10715","targetHints":{"allow":["GET"]}}],"collection":[{"href":"https:\/\/meeplendice.net\/index.php?rest_route=\/wp\/v2\/posts"}],"about":[{"href":"https:\/\/meeplendice.net\/index.php?rest_route=\/wp\/v2\/types\/post"}],"author":[{"embeddable":true,"href":"https:\/\/meeplendice.net\/index.php?rest_route=\/wp\/v2\/users\/2"}],"replies":[{"embeddable":true,"href":"https:\/\/meeplendice.net\/index.php?rest_route=%2Fwp%2Fv2%2Fcomments&post=10715"}],"version-history":[{"count":1,"href":"https:\/\/meeplendice.net\/index.php?rest_route=\/wp\/v2\/posts\/10715\/revisions"}],"predecessor-version":[{"id":10716,"href":"https:\/\/meeplendice.net\/index.php?rest_route=\/wp\/v2\/posts\/10715\/revisions\/10716"}],"wp:featuredmedia":[{"embeddable":true,"href":"https:\/\/meeplendice.net\/index.php?rest_route=\/wp\/v2\/media\/10717"}],"wp:attachment":[{"href":"https:\/\/meeplendice.net\/index.php?rest_route=%2Fwp%2Fv2%2Fmedia&parent=10715"}],"wp:term":[{"taxonomy":"category","embeddable":true,"href":"https:\/\/meeplendice.net\/index.php?rest_route=%2Fwp%2Fv2%2Fcategories&post=10715"},{"taxonomy":"post_tag","embeddable":true,"href":"https:\/\/meeplendice.net\/index.php?rest_route=%2Fwp%2Fv2%2Ftags&post=10715"}],"curies":[{"name":"wp","href":"https:\/\/api.w.org\/{rel}","templated":true}]}}