{"id":8309,"date":"2021-03-30T13:04:32","date_gmt":"2021-03-30T12:04:32","guid":{"rendered":"http:\/\/meeplendice.net\/?p=8309"},"modified":"2021-03-30T13:04:32","modified_gmt":"2021-03-30T12:04:32","slug":"librarian-primaris-ultramarine","status":"publish","type":"post","link":"https:\/\/meeplendice.net\/?p=8309","title":{"rendered":"Librarian Primaris Ultramarine"},"content":{"rendered":"<p>Et l&rsquo;on continue avec toujours de l&rsquo;Ultramarine.<br \/>\nCette fois si un <strong>Librarian Primaris du chapitre Ultramarine<\/strong>.<\/p>\n\r\n\t\t\t\t\t\n\r\n\t\t\t\t\t<!-- START UNITE GALLERY 1.7.53 -->\r\n\t\t\t\t\t\r\n\t\t\t\t\n\t\t\t<div id='unitegallery_28_1' class='unite-gallery' style='margin:0px auto;'>\n\t\t\t\t\n\n\t\t\t\t\t\t<img decoding=\"async\" alt=\"Gallan, Librarian Primaris\"\n\t\t\t\t\t\t     src=\"\" data-image=\"https:\/\/meeplendice.net\/wp-content\/uploads\/2021\/03\/SMLibrarian_Primaris04.png\"\n\t\t\t\t\t\t     data-thumb=\"https:\/\/meeplendice.net\/wp-content\/uploads\/2021\/03\/SMLibrarian_Primaris04-268x300.png\"\n\t\t\t\t\t\t     title=\"\"\n\t\t\t\t\t\t     style=\"display:none\">\n\n\t\t\t\t\t\t<img decoding=\"async\" alt=\"Gallan, Librarian Primaris\"\n\t\t\t\t\t\t     src=\"\" data-image=\"https:\/\/meeplendice.net\/wp-content\/uploads\/2021\/03\/SMLibrarian_Primaris01.png\"\n\t\t\t\t\t\t     data-thumb=\"https:\/\/meeplendice.net\/wp-content\/uploads\/2021\/03\/SMLibrarian_Primaris01-268x300.png\"\n\t\t\t\t\t\t     title=\"\"\n\t\t\t\t\t\t     style=\"display:none\">\n\t\t\t<\/div>\n\n\t\t\t<script type='text\/javascript'>\n\t\t\t\twindow.onload = function(e) {\n\t\t\t\t\tif(typeof ugCheckForErrors == \"undefined\"){\n\t\t\t\t\t\tdocument.getElementById(\"unitegallery_28_1\").innerHTML = \"<span style='color:red'>Unite Gallery Error - gallery js and css files not included in the footer. Please make sure that wp_footer() function is added to your theme.<\/span>\";}\n\t\t\t\t\telse{ ugCheckForErrors(\"unitegallery_28_1\", \"jquery\");}\n\t\t\t\t};\n\t\t\t<\/script>\n\n\t\t\t<!-- END UNITEGALLERY -->\n<p>&nbsp;<\/p>\n<p>Peint dans les m\u00eames couleurs que <a href=\"https:\/\/meeplendice.net\/?p=8229\" target=\"_blank\" rel=\"noopener\">Marneus Calgar<\/a>, il fait parti des quelques figurines peintes de ce projet.<\/p>\n<p>Vous trouverez \u00e9galement plus d&rsquo;image de ce petit homme dans la Galerie d\u00e9di\u00e9e aux Ultramarines (ou juste <a href=\"https:\/\/meeplendice.net\/?page_id=8204\" target=\"_blank\" rel=\"noopener\">ici.<\/a> \ud83d\ude09 )<\/p>\n","protected":false},"excerpt":{"rendered":"<p>Et l&rsquo;on continue avec toujours de l&rsquo;Ultramarine. Cette fois si un Librarian Primaris du chapitre Ultramarine. &nbsp; Peint dans les m\u00eames couleurs que Marneus Calgar, il fait parti des quelques figurines peintes de ce projet. Vous trouverez \u00e9galement plus d&rsquo;image de ce petit homme dans la Galerie d\u00e9di\u00e9e aux Ultramarines (ou juste ici. \ud83d\ude09 )<\/p>\n","protected":false},"author":2,"featured_media":8308,"comment_status":"open","ping_status":"open","sticky":false,"template":"","format":"standard","meta":{"footnotes":""},"categories":[93,70],"tags":[],"class_list":["post-8309","post","type-post","status-publish","format-standard","has-post-thumbnail","hentry","category-ultramarines","category-w40k-paint"],"acf":[],"rttpg_featured_image_url":{"full":["https:\/\/meeplendice.net\/wp-content\/uploads\/2021\/03\/PC_Librarian_Primaris.png",250,200,false],"landscape":["https:\/\/meeplendice.net\/wp-content\/uploads\/2021\/03\/PC_Librarian_Primaris.png",250,200,false],"portraits":["https:\/\/meeplendice.net\/wp-content\/uploads\/2021\/03\/PC_Librarian_Primaris.png",250,200,false],"thumbnail":["https:\/\/meeplendice.net\/wp-content\/uploads\/2021\/03\/PC_Librarian_Primaris-150x150.png",150,150,true],"medium":["https:\/\/meeplendice.net\/wp-content\/uploads\/2021\/03\/PC_Librarian_Primaris.png",250,200,false],"large":["https:\/\/meeplendice.net\/wp-content\/uploads\/2021\/03\/PC_Librarian_Primaris.png",250,200,false],"ug_big":["https:\/\/meeplendice.net\/wp-content\/uploads\/2021\/03\/PC_Librarian_Primaris.png",250,200,false],"1536x1536":["https:\/\/meeplendice.net\/wp-content\/uploads\/2021\/03\/PC_Librarian_Primaris.png",250,200,false],"2048x2048":["https:\/\/meeplendice.net\/wp-content\/uploads\/2021\/03\/PC_Librarian_Primaris.png",250,200,false],"ashe-slider-grid-thumbnail":["https:\/\/meeplendice.net\/wp-content\/uploads\/2021\/03\/PC_Librarian_Primaris.png",250,200,false],"ashe-full-thumbnail":["https:\/\/meeplendice.net\/wp-content\/uploads\/2021\/03\/PC_Librarian_Primaris.png",250,200,false],"ashe-grid-thumbnail":["https:\/\/meeplendice.net\/wp-content\/uploads\/2021\/03\/PC_Librarian_Primaris.png",250,200,false],"ashe-list-thumbnail":["https:\/\/meeplendice.net\/wp-content\/uploads\/2021\/03\/PC_Librarian_Primaris.png",250,200,false],"ashe-single-navigation":["https:\/\/meeplendice.net\/wp-content\/uploads\/2021\/03\/PC_Librarian_Primaris-75x75.png",75,75,true],"mailpoet_newsletter_max":["https:\/\/meeplendice.net\/wp-content\/uploads\/2021\/03\/PC_Librarian_Primaris.png",250,200,false],"rpwe-thumbnail":["https:\/\/meeplendice.net\/wp-content\/uploads\/2021\/03\/PC_Librarian_Primaris-45x45.png",45,45,true],"sow-carousel-default":["https:\/\/meeplendice.net\/wp-content\/uploads\/2021\/03\/PC_Librarian_Primaris-250x182.png",250,182,true],"rt_custom":["https:\/\/meeplendice.net\/wp-content\/uploads\/2021\/03\/PC_Librarian_Primaris.png",250,200,false]},"rttpg_author":{"display_name":"Karnby","author_link":"https:\/\/meeplendice.net\/?author=2"},"rttpg_comment":0,"rttpg_category":"<a href=\"https:\/\/meeplendice.net\/?cat=93\" rel=\"category\">Ultramarines<\/a> <a href=\"https:\/\/meeplendice.net\/?cat=70\" rel=\"category\">W40K-Paint<\/a>","rttpg_excerpt":"Et l&rsquo;on continue avec toujours de l&rsquo;Ultramarine. Cette fois si un Librarian Primaris du chapitre Ultramarine. &nbsp; Peint dans les m\u00eames couleurs que Marneus Calgar, il fait parti des quelques figurines peintes de ce projet. Vous trouverez \u00e9galement plus d&rsquo;image de ce petit homme dans la Galerie d\u00e9di\u00e9e aux Ultramarines (ou juste ici. \ud83d\ude09 )","_links":{"self":[{"href":"https:\/\/meeplendice.net\/index.php?rest_route=\/wp\/v2\/posts\/8309","targetHints":{"allow":["GET"]}}],"collection":[{"href":"https:\/\/meeplendice.net\/index.php?rest_route=\/wp\/v2\/posts"}],"about":[{"href":"https:\/\/meeplendice.net\/index.php?rest_route=\/wp\/v2\/types\/post"}],"author":[{"embeddable":true,"href":"https:\/\/meeplendice.net\/index.php?rest_route=\/wp\/v2\/users\/2"}],"replies":[{"embeddable":true,"href":"https:\/\/meeplendice.net\/index.php?rest_route=%2Fwp%2Fv2%2Fcomments&post=8309"}],"version-history":[{"count":7,"href":"https:\/\/meeplendice.net\/index.php?rest_route=\/wp\/v2\/posts\/8309\/revisions"}],"predecessor-version":[{"id":8316,"href":"https:\/\/meeplendice.net\/index.php?rest_route=\/wp\/v2\/posts\/8309\/revisions\/8316"}],"wp:featuredmedia":[{"embeddable":true,"href":"https:\/\/meeplendice.net\/index.php?rest_route=\/wp\/v2\/media\/8308"}],"wp:attachment":[{"href":"https:\/\/meeplendice.net\/index.php?rest_route=%2Fwp%2Fv2%2Fmedia&parent=8309"}],"wp:term":[{"taxonomy":"category","embeddable":true,"href":"https:\/\/meeplendice.net\/index.php?rest_route=%2Fwp%2Fv2%2Fcategories&post=8309"},{"taxonomy":"post_tag","embeddable":true,"href":"https:\/\/meeplendice.net\/index.php?rest_route=%2Fwp%2Fv2%2Ftags&post=8309"}],"curies":[{"name":"wp","href":"https:\/\/api.w.org\/{rel}","templated":true}]}}